{"id":659,"date":"2013-07-09T11:53:04","date_gmt":"2013-07-09T09:53:04","guid":{"rendered":"http:\/\/fenerbahceliyiz.biz\/?p=659"},"modified":"2014-09-19T20:13:45","modified_gmt":"2014-09-19T18:13:45","slug":"umarim-turk-futbolu-aradigi-sikecileri-yanlis-renklerin-catisi-altinda-aradigini-artik-fark-eder","status":"publish","type":"post","link":"https:\/\/fenerbahceliyiz.biz\/?p=659","title":{"rendered":"T\u00fcrk futbolu ve &#8220;\u015fikeci&#8221;leri!"},"content":{"rendered":"<p>T\u00fcrk Dil Kurumu s\u00f6zl\u00fc\u011f\u00fcnde &#8220;<strong>\u015fike<\/strong>&#8220;nin tan\u0131m\u0131; &#8220;<strong>bir \u00e7\u0131kar kar\u015f\u0131l\u0131\u011f\u0131, uzla\u015farak bir i\u015f yapma, aldatma<\/strong>&#8221; olarak verilmi\u015f.<\/p>\n<p><a href=\"http:\/\/fenerbahceliyiz.biz\/wp\/wp-content\/uploads\/2013\/07\/lutfi_aribogan_ilhan_helvaci2343445.jpg\"><img loading=\"lazy\" decoding=\"async\" class=\"aligncenter size-medium wp-image-660\" src=\"http:\/\/fenerbahceliyiz.biz\/wp\/wp-content\/uploads\/2013\/07\/lutfi_aribogan_ilhan_helvaci2343445-300x214.jpg\" alt=\"lutfi_aribogan_ilhan_helvaci2343445\" width=\"300\" height=\"214\" srcset=\"https:\/\/fenerbahceliyiz.biz\/wp\/wp-content\/uploads\/2013\/07\/lutfi_aribogan_ilhan_helvaci2343445-300x214.jpg 300w, https:\/\/fenerbahceliyiz.biz\/wp\/wp-content\/uploads\/2013\/07\/lutfi_aribogan_ilhan_helvaci2343445.jpg 308w\" sizes=\"auto, (max-width: 300px) 100vw, 300px\" \/><\/a><\/p>\n<p><strong>Mehmet Ali Ayd\u0131nlar d\u00f6neminin T\u00fcrkiye Futbol Federasyonu Genel Sekreteri olan Lutfi Ar\u0131bo\u011fan<\/strong>, \u00f6zellikle Fenerbah\u00e7emizin 5 Ocak 2005&#8217;deki T\u00fcrkiye Basketbol Federasyonu se\u00e7imlerinde kendisine kar\u015f\u0131 Turgay Demirel&#8217;i destekledi\u011finden beri yak\u0131ndan tan\u0131d\u0131\u011f\u0131m\u0131z bir isim. (<a href=\"http:\/\/fenerleaks.wordpress.com\/2012\/02\/07\/lutfi-aribogan-efsanesinin-baslangici\/\">http:\/\/fenerleaks.wordpress.com\/2012\/02\/07\/lutfi-aribogan-efsanesinin-baslangici\/<\/a>)<\/p>\n<p><strong>\u0130lhan Helvac\u0131<\/strong>&#8216;y\u0131 da Ayd\u0131nlar d\u00f6neminin <strong>TFF Ba\u015f Hukuk M\u00fc\u015faviri<\/strong> olarak tan\u0131d\u0131k.<\/p>\n<p>Bu iki isim, 3 Temmuz s\u00fcrecinde g\u00f6revlerinin gere\u011fini \u00e7ok g\u00fczel yapmalar\u0131n\u0131n kar\u015f\u0131l\u0131\u011f\u0131 olarak \u015fu anda Galatasaray&#8217;da ceplerini doldurmaya devam ediyorlar: <strong>Ar\u0131bo\u011fan<\/strong> &#8220;<strong>Galatasaray Sportif A\u015e Genel M\u00fcd\u00fcr\u00fc<\/strong>&#8221; (<a href=\"http:\/\/www.galatasaray.org\/idariteknikkadro\/pages\/profil_1051.php\">http:\/\/www.galatasaray.org\/idariteknikkadro\/pages\/profil_1051.php<\/a>), <strong>Helvac\u0131<\/strong> da &#8220;<strong>Sportif A\u015e Y\u00f6netim Kurulu \u00dcyesi<\/strong>&#8221; (<a href=\"http:\/\/www.fotomac.com.tr\/Galatasaray\/2013\/07\/06\/sportif-asye-ilhan-helvaci\">http:\/\/www.fotomac.com.tr\/Galatasaray\/2013\/07\/06\/sportif-asye-ilhan-helvaci<\/a>).<\/p>\n<p>3 Temmuz s\u00fcrecinde UEFA m\u00fcfetti\u015fi Cornu&#8217;nun &#8220;<strong>Fenerbah\u00e7e&#8217;nin y\u00fczde 1 dahi \u015fike yapmam\u0131\u015f olma ihtimali yok mu?<\/strong>&#8221; sorusuna &#8220;<strong>Hay\u0131r, Fenerbah\u00e7e y\u00fczde 100 \u015fike yapm\u0131\u015ft\u0131r.<\/strong>&#8221; (1.\u00a0<a href=\"http:\/\/www2.sporx.com\/futbol\/superlig\/fenerbahce\/helvaci-ve-aribogan-istifa-etsinSXHBQ258094SXQ\">http:\/\/www2.sporx.com\/futbol\/superlig\/fenerbahce\/helvaci-ve-aribogan-istifa-etsinSXHBQ258094SXQ<\/a>, 2.\u00a0<a href=\"http:\/\/spor.haberturk.com\/futbol\/haber\/858347-bu-ne-tesaduf\">http:\/\/spor.haberturk.com\/futbol\/haber\/858347-bu-ne-tesaduf<\/a>) \u015feklinde cevap vererek bug\u00fcn oturduklar\u0131 mevkileri hak etme yolunda b\u00fcy\u00fck bir ad\u0131m atan bu arkada\u015flar\u0131n, \u015fu anda bulunduklar\u0131 mevkileri elde edecekleri g\u00fcnleri d\u00fc\u015f\u00fcnerek yani &#8220;<strong>bir \u00e7\u0131kar kar\u015f\u0131l\u0131\u011f\u0131<\/strong>&#8221; bu cevab\u0131 vermediklerine kim inan\u0131r?<\/p>\n<p><a href=\"http:\/\/fenerbahceliyiz.biz\/wp\/wp-content\/uploads\/2013\/07\/aribogan.jpg\"><img loading=\"lazy\" decoding=\"async\" class=\"aligncenter size-full wp-image-677\" src=\"http:\/\/fenerbahceliyiz.biz\/wp\/wp-content\/uploads\/2013\/07\/aribogan.jpg\" alt=\"aribogan\" width=\"288\" height=\"296\" \/><\/a><\/p>\n<p>3 Temmuz s\u00fcrecindeki g\u00f6revini lay\u0131\u011f\u0131yla yerine getirdikten sonra \u00dcnal Aysal ile &#8220;<strong>tesad\u00fcfen<\/strong>&#8221; Akmerkez&#8217;de kar\u015f\u0131la\u015fan (http:\/\/www.naklenfutbol.com\/Haber\/aysal-ve-aribogan-bir-arada\/12191.futbol) ve tesad\u00fcfen Galatasaray&#8217;a CEO olan Ar\u0131bo\u011fan&#8217;\u0131n ortaya \u00e7\u0131kan bu pisliklerinden sonra hala <strong>hangi y\u00fczle soka\u011fa \u00e7\u0131kabildi\u011fini<\/strong> ger\u00e7ekten \u00e7ok merak ediyorum.<\/p>\n<p><a href=\"http:\/\/fenerbahceliyiz.biz\/wp\/wp-content\/uploads\/2013\/07\/kadeh.jpg\"><img loading=\"lazy\" decoding=\"async\" class=\"aligncenter size-medium wp-image-661\" src=\"http:\/\/fenerbahceliyiz.biz\/wp\/wp-content\/uploads\/2013\/07\/kadeh-300x225.jpg\" alt=\"kadeh\" width=\"300\" height=\"225\" srcset=\"https:\/\/fenerbahceliyiz.biz\/wp\/wp-content\/uploads\/2013\/07\/kadeh-300x225.jpg 300w, https:\/\/fenerbahceliyiz.biz\/wp\/wp-content\/uploads\/2013\/07\/kadeh.jpg 500w\" sizes=\"auto, (max-width: 300px) 100vw, 300px\" \/><\/a><\/p>\n<p>TFF Y\u00f6netimi&#8217;ndeyken yapt\u0131\u011f\u0131 bas\u0131na yans\u0131yan UEFA g\u00f6r\u00fc\u015fmelerinde (<a href=\"http:\/\/www.beynet.com\/haber\/12707\/tff-uefa-gorusmesi-sona-erdi.html\">http:\/\/www.beynet.com\/haber\/12707\/tff-uefa-gorusmesi-sona-erdi.html<\/a>) Fenerbah\u00e7e&#8217;yi %100 \u015fike yapm\u0131\u015f olarak yans\u0131tan bu arkada\u015flar\u0131n bug\u00fcn &#8220;<strong>Ba\u015fkan Vekili oldu\u011fum d\u00f6nemde UEFA ile g\u00f6r\u00fc\u015fmem olmad\u0131<\/strong>&#8221; \u015feklindeki a\u00e7\u0131klamalar\u0131 <strong>mide buland\u0131r\u0131c\u0131&#8230;<\/strong> (1.\u00a0<a href=\"http:\/\/www.trthaber.com\/haber\/spor\/aribogan-uefa-ile-gorustu-mu-92565.html\">http:\/\/www.trthaber.com\/haber\/spor\/aribogan-uefa-ile-gorustu-mu-92565.html<\/a>, 2.\u00a0<a href=\"http:\/\/www.cnnturk.com\/2013\/spor\/futbol\/07\/07\/lutfi.aribogandan.uefa.aciklamasi\/714461.0\/\">http:\/\/www.cnnturk.com\/2013\/spor\/futbol\/07\/07\/lutfi.aribogandan.uefa.aciklamasi\/714461.0\/<\/a>)<\/p>\n<p><strong>Umar\u0131m T\u00fcrk futbolu, arad\u0131\u011f\u0131 &#8220;\u015fike&#8221;cileri yanl\u0131\u015f renklerin \u00e7at\u0131s\u0131 alt\u0131nda arad\u0131\u011f\u0131n\u0131 art\u0131k fark eder!<\/strong><\/p>\n<p>UEFA ile herhangi bir g\u00f6r\u00fc\u015fmesi olmad\u0131\u011f\u0131n\u0131 s\u00f6yleyen Lutfi Ar\u0131bo\u011fan imzal\u0131, T\u00fcrkiye&#8217;de hen\u00fcz hi\u00e7bir yarg\u0131lama yap\u0131lmam\u0131\u015f ve savunma al\u0131nmam\u0131\u015fken; gazete k\u00fcp\u00fcrleri \u00fczerinden Fenerbah\u00e7e i\u00e7in &#8220;\u015fike yapm\u0131\u015ft\u0131r&#8221; m\u00fchr\u00fc vurulan yaz\u0131:<\/p>\n<p><a href=\"http:\/\/fenerbahceliyiz.biz\/wp\/wp-content\/uploads\/2013\/07\/1.jpg\"><img loading=\"lazy\" decoding=\"async\" class=\"aligncenter size-medium wp-image-662\" src=\"http:\/\/fenerbahceliyiz.biz\/wp\/wp-content\/uploads\/2013\/07\/1-212x300.jpg\" alt=\"1\" width=\"212\" height=\"300\" srcset=\"https:\/\/fenerbahceliyiz.biz\/wp\/wp-content\/uploads\/2013\/07\/1-212x300.jpg 212w, https:\/\/fenerbahceliyiz.biz\/wp\/wp-content\/uploads\/2013\/07\/1-724x1024.jpg 724w, https:\/\/fenerbahceliyiz.biz\/wp\/wp-content\/uploads\/2013\/07\/1.jpg 1024w\" sizes=\"auto, (max-width: 212px) 100vw, 212px\" \/><\/a><a href=\"http:\/\/fenerbahceliyiz.biz\/wp\/wp-content\/uploads\/2013\/07\/2.jpg\"><img loading=\"lazy\" decoding=\"async\" class=\"aligncenter size-medium wp-image-663\" src=\"http:\/\/fenerbahceliyiz.biz\/wp\/wp-content\/uploads\/2013\/07\/2-212x300.jpg\" alt=\"2\" width=\"212\" height=\"300\" srcset=\"https:\/\/fenerbahceliyiz.biz\/wp\/wp-content\/uploads\/2013\/07\/2-212x300.jpg 212w, https:\/\/fenerbahceliyiz.biz\/wp\/wp-content\/uploads\/2013\/07\/2-724x1024.jpg 724w, https:\/\/fenerbahceliyiz.biz\/wp\/wp-content\/uploads\/2013\/07\/2.jpg 1024w\" sizes=\"auto, (max-width: 212px) 100vw, 212px\" \/><\/a> <a href=\"http:\/\/fenerbahceliyiz.biz\/wp\/wp-content\/uploads\/2013\/07\/3.jpg\"><img loading=\"lazy\" decoding=\"async\" class=\"aligncenter size-medium wp-image-664\" src=\"http:\/\/fenerbahceliyiz.biz\/wp\/wp-content\/uploads\/2013\/07\/3-212x300.jpg\" alt=\"3\" width=\"212\" height=\"300\" srcset=\"https:\/\/fenerbahceliyiz.biz\/wp\/wp-content\/uploads\/2013\/07\/3-212x300.jpg 212w, https:\/\/fenerbahceliyiz.biz\/wp\/wp-content\/uploads\/2013\/07\/3-724x1024.jpg 724w, https:\/\/fenerbahceliyiz.biz\/wp\/wp-content\/uploads\/2013\/07\/3.jpg 1024w\" sizes=\"auto, (max-width: 212px) 100vw, 212px\" \/><\/a> <a href=\"http:\/\/fenerbahceliyiz.biz\/wp\/wp-content\/uploads\/2013\/07\/4.jpg\"><img loading=\"lazy\" decoding=\"async\" class=\"aligncenter size-medium wp-image-665\" src=\"http:\/\/fenerbahceliyiz.biz\/wp\/wp-content\/uploads\/2013\/07\/4-212x300.jpg\" alt=\"4\" width=\"212\" height=\"300\" srcset=\"https:\/\/fenerbahceliyiz.biz\/wp\/wp-content\/uploads\/2013\/07\/4-212x300.jpg 212w, https:\/\/fenerbahceliyiz.biz\/wp\/wp-content\/uploads\/2013\/07\/4-724x1024.jpg 724w, https:\/\/fenerbahceliyiz.biz\/wp\/wp-content\/uploads\/2013\/07\/4.jpg 1024w\" sizes=\"auto, (max-width: 212px) 100vw, 212px\" \/><\/a> <a href=\"http:\/\/fenerbahceliyiz.biz\/wp\/wp-content\/uploads\/2013\/07\/5.jpg\"><img loading=\"lazy\" decoding=\"async\" class=\"aligncenter size-medium wp-image-666\" src=\"http:\/\/fenerbahceliyiz.biz\/wp\/wp-content\/uploads\/2013\/07\/5-212x300.jpg\" alt=\"5\" width=\"212\" height=\"300\" srcset=\"https:\/\/fenerbahceliyiz.biz\/wp\/wp-content\/uploads\/2013\/07\/5-212x300.jpg 212w, https:\/\/fenerbahceliyiz.biz\/wp\/wp-content\/uploads\/2013\/07\/5-724x1024.jpg 724w, https:\/\/fenerbahceliyiz.biz\/wp\/wp-content\/uploads\/2013\/07\/5.jpg 1024w\" sizes=\"auto, (max-width: 212px) 100vw, 212px\" \/><\/a><\/p>\n<p>&nbsp;<\/p>\n<p><strong><em>UEFA M\u00fcfetti\u015fi Cornu&#8217;nun 22 A\u011fustos 2011 ak\u015fam\u0131 Ayd\u0131nlar, Ar\u0131bo\u011fan ve Helvac\u0131 ile yedi\u011fi bir ak\u015fam yeme\u011finde Fenerbah\u00e7e&#8217;nin \u015eampiyonlar Ligi&#8217;nden men edilmesine, Be\u015fikta\u015f ve Trabzonspor&#8217;un ise Avrupa Kupalar\u0131&#8217;na al\u0131nmas\u0131na karar verdiklerini ifade etti\u011fi yaz\u0131s\u0131:\u00a0<\/em><\/strong><\/p>\n<p><a href=\"http:\/\/fenerbahceliyiz.biz\/wp\/wp-content\/uploads\/2013\/07\/2.1.jpg\"><img loading=\"lazy\" decoding=\"async\" class=\"aligncenter size-medium wp-image-667\" src=\"http:\/\/fenerbahceliyiz.biz\/wp\/wp-content\/uploads\/2013\/07\/2.1-212x300.jpg\" alt=\"2.1\" width=\"212\" height=\"300\" srcset=\"https:\/\/fenerbahceliyiz.biz\/wp\/wp-content\/uploads\/2013\/07\/2.1-212x300.jpg 212w, https:\/\/fenerbahceliyiz.biz\/wp\/wp-content\/uploads\/2013\/07\/2.1-724x1024.jpg 724w, https:\/\/fenerbahceliyiz.biz\/wp\/wp-content\/uploads\/2013\/07\/2.1.jpg 1024w\" sizes=\"auto, (max-width: 212px) 100vw, 212px\" \/><\/a> <a href=\"http:\/\/fenerbahceliyiz.biz\/wp\/wp-content\/uploads\/2013\/07\/2.2.jpg\"><img loading=\"lazy\" decoding=\"async\" class=\"aligncenter size-medium wp-image-668\" src=\"http:\/\/fenerbahceliyiz.biz\/wp\/wp-content\/uploads\/2013\/07\/2.2-212x300.jpg\" alt=\"2.2\" width=\"212\" height=\"300\" srcset=\"https:\/\/fenerbahceliyiz.biz\/wp\/wp-content\/uploads\/2013\/07\/2.2-212x300.jpg 212w, https:\/\/fenerbahceliyiz.biz\/wp\/wp-content\/uploads\/2013\/07\/2.2-724x1024.jpg 724w, https:\/\/fenerbahceliyiz.biz\/wp\/wp-content\/uploads\/2013\/07\/2.2.jpg 1024w\" sizes=\"auto, (max-width: 212px) 100vw, 212px\" \/><\/a> <a href=\"http:\/\/fenerbahceliyiz.biz\/wp\/wp-content\/uploads\/2013\/07\/2.3.jpg\"><img loading=\"lazy\" decoding=\"async\" class=\"aligncenter size-medium wp-image-669\" src=\"http:\/\/fenerbahceliyiz.biz\/wp\/wp-content\/uploads\/2013\/07\/2.3-212x300.jpg\" alt=\"2.3\" width=\"212\" height=\"300\" srcset=\"https:\/\/fenerbahceliyiz.biz\/wp\/wp-content\/uploads\/2013\/07\/2.3-212x300.jpg 212w, https:\/\/fenerbahceliyiz.biz\/wp\/wp-content\/uploads\/2013\/07\/2.3-724x1024.jpg 724w, https:\/\/fenerbahceliyiz.biz\/wp\/wp-content\/uploads\/2013\/07\/2.3.jpg 1024w\" sizes=\"auto, (max-width: 212px) 100vw, 212px\" \/><\/a> <a href=\"http:\/\/fenerbahceliyiz.biz\/wp\/wp-content\/uploads\/2013\/07\/2.4.jpg\"><img loading=\"lazy\" decoding=\"async\" class=\"aligncenter size-medium wp-image-670\" src=\"http:\/\/fenerbahceliyiz.biz\/wp\/wp-content\/uploads\/2013\/07\/2.4-212x300.jpg\" alt=\"2.4\" width=\"212\" height=\"300\" srcset=\"https:\/\/fenerbahceliyiz.biz\/wp\/wp-content\/uploads\/2013\/07\/2.4-212x300.jpg 212w, https:\/\/fenerbahceliyiz.biz\/wp\/wp-content\/uploads\/2013\/07\/2.4-724x1024.jpg 724w, https:\/\/fenerbahceliyiz.biz\/wp\/wp-content\/uploads\/2013\/07\/2.4.jpg 1024w\" sizes=\"auto, (max-width: 212px) 100vw, 212px\" \/><\/a><\/p>\n<p style=\"text-align: center;\">\u00a0<strong>&#8220;Ger\u00e7eklerin bir g\u00fcn ortaya \u00e7\u0131kmak gibi k\u00f6t\u00fc bir huyu vard\u0131r&#8221;.<\/strong><\/p>\n<p style=\"text-align: center;\"><a href=\"http:\/\/fenerbahceliyiz.biz\/wp\/wp-content\/uploads\/2013\/07\/aydinlar.jpg\"><img loading=\"lazy\" decoding=\"async\" src=\"http:\/\/fenerbahceliyiz.biz\/wp\/wp-content\/uploads\/2013\/07\/aydinlar-300x220.jpg\" alt=\"aydinlar\" width=\"300\" height=\"220\" \/><\/a><\/p>\n<p style=\"text-align: center;\"><strong style=\"font-size: 13px;\">G\u00f6r\u00fclecek daha \u00e7ok hesab\u0131m\u0131z var sizin bu sahtekar d\u00fczeninizle!<\/strong><\/p>\n","protected":false},"excerpt":{"rendered":"<p>T\u00fcrk Dil Kurumu s\u00f6zl\u00fc\u011f\u00fcnde &#8220;\u015fike&#8220;nin tan\u0131m\u0131; &#8220;bir \u00e7\u0131kar kar\u015f\u0131l\u0131\u011f\u0131, uzla\u015farak bir i\u015f yapma, aldatma&#8221; olarak verilmi\u015f. Mehmet Ali Ayd\u0131nlar d\u00f6neminin T\u00fcrkiye Futbol Federasyonu Genel Sekreteri olan Lutfi Ar\u0131bo\u011fan, \u00f6zellikle Fenerbah\u00e7emizin 5 Ocak 2005&#8217;deki T\u00fcrkiye&#46;&#46;&#46;<\/p>\n","protected":false},"author":4,"featured_media":677,"comment_status":"open","ping_status":"open","sticky":false,"template":"","format":"standard","meta":{"ngg_post_thumbnail":0,"footnotes":""},"categories":[95],"tags":[136,145,134,137,135,132,133],"class_list":["post-659","post","type-post","status-publish","format-standard","has-post-thumbnail","hentry","category-sorusturma","tag-3-temmuz-2011","tag-aziz-yildirim","tag-fenerbahce","tag-galatasaray","tag-ilhan-helvaci","tag-lutfi-aribogan","tag-mehmet-ali-aydinlar"],"aioseo_notices":[],"_links":{"self":[{"href":"https:\/\/fenerbahceliyiz.biz\/index.php?rest_route=\/wp\/v2\/posts\/659","targetHints":{"allow":["GET"]}}],"collection":[{"href":"https:\/\/fenerbahceliyiz.biz\/index.php?rest_route=\/wp\/v2\/posts"}],"about":[{"href":"https:\/\/fenerbahceliyiz.biz\/index.php?rest_route=\/wp\/v2\/types\/post"}],"author":[{"embeddable":true,"href":"https:\/\/fenerbahceliyiz.biz\/index.php?rest_route=\/wp\/v2\/users\/4"}],"replies":[{"embeddable":true,"href":"https:\/\/fenerbahceliyiz.biz\/index.php?rest_route=%2Fwp%2Fv2%2Fcomments&post=659"}],"version-history":[{"count":10,"href":"https:\/\/fenerbahceliyiz.biz\/index.php?rest_route=\/wp\/v2\/posts\/659\/revisions"}],"predecessor-version":[{"id":771,"href":"https:\/\/fenerbahceliyiz.biz\/index.php?rest_route=\/wp\/v2\/posts\/659\/revisions\/771"}],"wp:featuredmedia":[{"embeddable":true,"href":"https:\/\/fenerbahceliyiz.biz\/index.php?rest_route=\/wp\/v2\/media\/677"}],"wp:attachment":[{"href":"https:\/\/fenerbahceliyiz.biz\/index.php?rest_route=%2Fwp%2Fv2%2Fmedia&parent=659"}],"wp:term":[{"taxonomy":"category","embeddable":true,"href":"https:\/\/fenerbahceliyiz.biz\/index.php?rest_route=%2Fwp%2Fv2%2Fcategories&post=659"},{"taxonomy":"post_tag","embeddable":true,"href":"https:\/\/fenerbahceliyiz.biz\/index.php?rest_route=%2Fwp%2Fv2%2Ftags&post=659"}],"curies":[{"name":"wp","href":"https:\/\/api.w.org\/{rel}","templated":true}]}}