{"id":128,"count":1,"description":"","link":"http:\/\/fenerbahceliyiz.biz\/?tag=idari-isler-koordinatoru","name":"\u0130dari \u0130\u015fler Koordinat\u00f6r\u00fc","slug":"idari-isler-koordinatoru","taxonomy":"post_tag","meta":[],"_links":{"self":[{"href":"http:\/\/fenerbahceliyiz.biz\/index.php?rest_route=\/wp\/v2\/tags\/128","targetHints":{"allow":["GET"]}}],"collection":[{"href":"http:\/\/fenerbahceliyiz.biz\/index.php?rest_route=\/wp\/v2\/tags"}],"about":[{"href":"http:\/\/fenerbahceliyiz.biz\/index.php?rest_route=\/wp\/v2\/taxonomies\/post_tag"}],"wp:post_type":[{"href":"http:\/\/fenerbahceliyiz.biz\/index.php?rest_route=%2Fwp%2Fv2%2Fposts&tags=128"}],"curies":[{"name":"wp","href":"https:\/\/api.w.org\/{rel}","templated":true}]}}