{"id":707,"date":"2013-08-03T04:39:51","date_gmt":"2013-08-03T02:39:51","guid":{"rendered":"http:\/\/fenerbahceliyiz.biz\/?p=707"},"modified":"2014-09-19T20:12:20","modified_gmt":"2014-09-19T18:12:20","slug":"kadir-gecemiz-mubarek-olsun","status":"publish","type":"post","link":"http:\/\/fenerbahceliyiz.biz\/?p=707","title":{"rendered":"Kadir Gecemiz M\u00fcbarek Olsun"},"content":{"rendered":"<p style=\"text-align: center;\">\u00a0&#8220;Y\u00fckselir semaya do\u011fru ellerim,<br \/>\n<span style=\"font-size: 13px;\">Mavi gecelerin seher vaktinde,<br \/>\n<\/span><span style=\"font-size: 13px;\">Hakka kanat a\u00e7ar hep emellerim,<br \/>\n<\/span><span style=\"font-size: 13px;\">Mavi gecelerin seher vaktinde&#8230;&#8221;<\/span><\/p>\n<p><a href=\"http:\/\/fenerbahceliyiz.biz\/wp\/wp-content\/uploads\/2013\/08\/Fenerbahceliyiz.jpg\"><img loading=\"lazy\" decoding=\"async\" class=\"aligncenter size-medium wp-image-708\" src=\"http:\/\/fenerbahceliyiz.biz\/wp\/wp-content\/uploads\/2013\/08\/Fenerbahceliyiz-300x254.jpg\" alt=\"Fenerbahce Kad\u0131r Geces\u0131\" width=\"330\" height=\"280\" srcset=\"http:\/\/fenerbahceliyiz.biz\/wp\/wp-content\/uploads\/2013\/08\/Fenerbahceliyiz-300x254.jpg 300w, http:\/\/fenerbahceliyiz.biz\/wp\/wp-content\/uploads\/2013\/08\/Fenerbahceliyiz.jpg 770w\" sizes=\"auto, (max-width: 330px) 100vw, 330px\" \/><\/a><\/p>\n<p><span style=\"font-size: 13px;\">bak\u0131n\u0131z: <strong>Seksen Y\u0131ll\u0131k \u00d6m\u00fcr Bir Gecede<\/strong>\u00a0(<a style=\"font-size: 13px;\" href=\"http:\/\/hikmet.net\/icerik\/5075\/seksen-yillik-omur-bir-gecede\">http:\/\/hikmet.net\/icerik\/5075\/seksen-yillik-omur-bir-gecede<\/a>)<span style=\"font-size: 13px;\"><br \/>\n<\/span><\/span><\/p>\n","protected":false},"excerpt":{"rendered":"<p>\u00a0&#8220;Y\u00fckselir semaya do\u011fru ellerim, Mavi gecelerin seher vaktinde, Hakka kanat a\u00e7ar hep emellerim, Mavi gecelerin seher vaktinde&#8230;&#8221; bak\u0131n\u0131z: Seksen Y\u0131ll\u0131k \u00d6m\u00fcr Bir Gecede\u00a0(http:\/\/hikmet.net\/icerik\/5075\/seksen-yillik-omur-bir-gecede)<\/p>\n","protected":false},"author":4,"featured_media":708,"comment_status":"open","ping_status":"open","sticky":false,"template":"","format":"standard","meta":{"ngg_post_thumbnail":0,"footnotes":""},"categories":[26],"tags":[149,139,134,144,147,143,141,138,140,142],"class_list":["post-707","post","type-post","status-publish","format-standard","has-post-thumbnail","hentry","category-futbol","tag-dua","tag-emre-belozoglu-2","tag-fenerbahce","tag-frank-ribery","tag-issiar-dia","tag-kadir-gecesi","tag-mesut-ozil","tag-moussa-sow","tag-nicolas-anelka","tag-tuncay-sanli"],"aioseo_notices":[],"_links":{"self":[{"href":"http:\/\/fenerbahceliyiz.biz\/index.php?rest_route=\/wp\/v2\/posts\/707","targetHints":{"allow":["GET"]}}],"collection":[{"href":"http:\/\/fenerbahceliyiz.biz\/index.php?rest_route=\/wp\/v2\/posts"}],"about":[{"href":"http:\/\/fenerbahceliyiz.biz\/index.php?rest_route=\/wp\/v2\/types\/post"}],"author":[{"embeddable":true,"href":"http:\/\/fenerbahceliyiz.biz\/index.php?rest_route=\/wp\/v2\/users\/4"}],"replies":[{"embeddable":true,"href":"http:\/\/fenerbahceliyiz.biz\/index.php?rest_route=%2Fwp%2Fv2%2Fcomments&post=707"}],"version-history":[{"count":3,"href":"http:\/\/fenerbahceliyiz.biz\/index.php?rest_route=\/wp\/v2\/posts\/707\/revisions"}],"predecessor-version":[{"id":769,"href":"http:\/\/fenerbahceliyiz.biz\/index.php?rest_route=\/wp\/v2\/posts\/707\/revisions\/769"}],"wp:featuredmedia":[{"embeddable":true,"href":"http:\/\/fenerbahceliyiz.biz\/index.php?rest_route=\/wp\/v2\/media\/708"}],"wp:attachment":[{"href":"http:\/\/fenerbahceliyiz.biz\/index.php?rest_route=%2Fwp%2Fv2%2Fmedia&parent=707"}],"wp:term":[{"taxonomy":"category","embeddable":true,"href":"http:\/\/fenerbahceliyiz.biz\/index.php?rest_route=%2Fwp%2Fv2%2Fcategories&post=707"},{"taxonomy":"post_tag","embeddable":true,"href":"http:\/\/fenerbahceliyiz.biz\/index.php?rest_route=%2Fwp%2Fv2%2Ftags&post=707"}],"curies":[{"name":"wp","href":"https:\/\/api.w.org\/{rel}","templated":true}]}}