{"id":638,"date":"2013-04-22T00:58:54","date_gmt":"2013-04-21T22:58:54","guid":{"rendered":"http:\/\/fenerbahceliyiz.biz\/?p=638"},"modified":"2014-09-19T20:14:52","modified_gmt":"2014-09-19T18:14:52","slug":"agabeyimiz-serkan-acara-veda","status":"publish","type":"post","link":"http:\/\/fenerbahceliyiz.biz\/?p=638","title":{"rendered":"A\u011fabeyimiz Serkan Acar&#8217;a veda&#8230;"},"content":{"rendered":"<p><a href=\"http:\/\/fenerbahceliyiz.biz\/wp\/wp-content\/uploads\/2013\/04\/ofis.jpg\"><img loading=\"lazy\" decoding=\"async\" class=\"aligncenter size-full wp-image-641\" src=\"http:\/\/fenerbahceliyiz.biz\/wp\/wp-content\/uploads\/2013\/04\/ofis.jpg\" alt=\"SerkanAcar1\" width=\"480\" height=\"270\" srcset=\"http:\/\/fenerbahceliyiz.biz\/wp\/wp-content\/uploads\/2013\/04\/ofis.jpg 640w, http:\/\/fenerbahceliyiz.biz\/wp\/wp-content\/uploads\/2013\/04\/ofis-300x168.jpg 300w\" sizes=\"auto, (max-width: 480px) 100vw, 480px\" \/><\/a><\/p>\n<p>Y\u0131llar \u00f6nce Fenerbah\u00e7e yar\u0131madas\u0131ndaki eski\u00a0kul\u00fcp binas\u0131nda\u00a0tan\u0131\u015fm\u0131\u015ft\u0131m Serkan a\u011fabeyle. Zemin kat\u0131ndaki odas\u0131nda&#8230; \u0130dari \u0130\u015fler Koordinat\u00f6r\u00fc Serkan Acar&#8230;<\/p>\n<p>Ben dokuz ya\u015f\u0131ndayken geldi\u011fimiz \u0130stanbul&#8217;da, \u00fc\u00e7 y\u0131l sonra Kad\u0131k\u00f6y&#8217;le ve Fenerbah\u00e7e Stad\u0131&#8217;yla tan\u0131\u015ft\u0131rm\u0131\u015ft\u0131 babam; a\u011fabeyim ve beni. Ben, Fenerbah\u00e7elili\u011fim ad\u0131na hayat\u0131mdaki en b\u00fcy\u00fck tan\u0131\u015fmalardan birini o g\u00fcn Fenerbah\u00e7e Stad\u0131 ile tan\u0131\u015farak ya\u015fad\u0131ysam, bir di\u011ferini de y\u0131llar sonra kul\u00fcp binas\u0131nda Serkan a\u011fabeyle tan\u0131\u015farak ya\u015fam\u0131\u015ft\u0131m.<\/p>\n<p>2000&#8217;li y\u0131llar\u0131n ba\u015f\u0131nda kendisiyle o ilk tan\u0131\u015ft\u0131\u011f\u0131mda g\u00f6rd\u00fc\u011f\u00fcm s\u0131cakl\u0131\u011f\u0131n hi\u00e7bir zaman eksildi\u011fini hissetmedim. O g\u00fcn fark\u0131nda de\u011fildim ama k\u0131sa s\u00fcre i\u00e7inde anlad\u0131m ki, ben asl\u0131nda o g\u00fcn Fenerbah\u00e7e Spor Kul\u00fcb\u00fc&#8217;n\u00fcn \u0130dari \u0130\u015fler Koordinat\u00f6r\u00fc Serkan Acar ile de\u011fil, Fenerbah\u00e7e&#8217;nin 40 y\u0131ll\u0131k tarihiyle, y\u0131llar ge\u00e7tik\u00e7e kendimi daha yak\u0131n hissedece\u011fim, d\u00fcnya \u00fczerinde \u00f6rneklerini pek fazla bulamayaca\u011f\u0131m\u0131z `iyi bir insan`la tan\u0131\u015fm\u0131\u015ft\u0131m.<\/p>\n<p>Ve zamanla \u00f6\u011frendim ki; babamdan bir ya\u015f b\u00fcy\u00fck olan Serkan a\u011fabey; 1966 y\u0131l\u0131nda, 18 ya\u015f\u0131ndayken gelmi\u015fti Fenerbah\u00e7e&#8217;ye. Geli\u015f o geli\u015f&#8230; 1980&#8217;e kadar 14 y\u0131l futbolculuk ve ard\u0131ndan idarecilik g\u00fcnleri&#8230; Hayat\u0131 Fenerbah\u00e7e olmu\u015f bir insand\u0131&#8230;<\/p>\n<p><a href=\"http:\/\/fenerbahceliyiz.biz\/wp\/wp-content\/uploads\/2013\/04\/AzizYildirimla1.jpg\"><img loading=\"lazy\" decoding=\"async\" class=\"aligncenter size-full wp-image-649\" src=\"http:\/\/fenerbahceliyiz.biz\/wp\/wp-content\/uploads\/2013\/04\/AzizYildirimla1.jpg\" alt=\"AzizYildirimla\" width=\"315\" height=\"157\" srcset=\"http:\/\/fenerbahceliyiz.biz\/wp\/wp-content\/uploads\/2013\/04\/AzizYildirimla1.jpg 630w, http:\/\/fenerbahceliyiz.biz\/wp\/wp-content\/uploads\/2013\/04\/AzizYildirimla1-300x150.jpg 300w\" sizes=\"auto, (max-width: 315px) 100vw, 315px\" \/><\/a><\/p>\n<p>Babam, 10&#8217;lu ya\u015flar\u0131m\u0131zda a\u011fabeyim ve beni,\u00a0Fenerbah\u00e7e&#8217;mizin ilerleyen y\u0131llarda s\u0131k s\u0131k ziyaret etmeye ba\u015flayaca\u011f\u0131m\u0131z stad\u0131 ile tan\u0131\u015ft\u0131rd\u0131ktan sonra, 20&#8217;li ya\u015flar\u0131m\u0131zda da Serkan a\u011fabeyle tan\u0131\u015ft\u0131rm\u0131\u015f oldu. Birinci tan\u0131\u015fman\u0131n duygusal sonucu Fenerbah\u00e7eye olan ba\u011f\u0131m\u0131z, fiziksel sonucu ise\u00a0<a title=\"Fenerbahceliyiz.biz\" href=\"http:\/\/www.Fenerbahceliyiz.biz\" target=\"_blank\">www.Fenerbahceliyiz.biz<\/a> oldu. \u0130kinci tan\u0131\u015fman\u0131n devam\u0131nda ise yeni bir a\u011fabeyimiz oldu, ve futbolla pek de ilgilenmeyen annem hari\u00e7\u00a0Erden ailesinin d\u00f6rt ferdi g\u00f6n\u00fcl verdikleri kul\u00fcbe art\u0131k kongre \u00fcyesi olmu\u015ftu.<\/p>\n<p>Sonralar\u0131 stada her gitti\u011fimde, kul\u00fcp binas\u0131na da u\u011frayarak Serkan a\u011fabeyi de ziyaret etmek i\u00e7in bir mazeret arar olmu\u015ftum. Ben her ziyaretimde &#8220;acaba rahats\u0131z m\u0131 edece\u011fim&#8221; diye d\u00fc\u015f\u00fcn\u00fcrken onun her defas\u0131nda babama selamlar\u0131n\u0131 iletmemi istedi\u011fini s\u00f6yleyerek ve beni tekrar bekledi\u011fini belirterek u\u011furlamas\u0131 g\u00fcn\u00fcm\u00fcn g\u00fczel ge\u00e7mesi i\u00e7in yeterli oluyordu.<\/p>\n<p>Kendisini ziyarete gitti\u011fim bir g\u00fcn, tesad\u00fcfen ben oradayken odas\u0131na gelen Ba\u015fkan Aziz Y\u0131ld\u0131r\u0131m&#8217;la onun yan\u0131ndayken tan\u0131\u015fm\u0131\u015f, Serkan a\u011fabeyin odas\u0131nda Ba\u015fkan&#8217;\u0131n\u00a0Murat \u00d6zayd\u0131nl\u0131, Mahmut Uslu, Cemil Turan ve Alaattin Metin gibi isimlerle sohbetlerine misafir olmu\u015ftum. Y\u0131llar ne kadar da \u00e7abuk ge\u00e7mi\u015f&#8230;<\/p>\n<p><a href=\"http:\/\/fenerbahceliyiz.biz\/wp\/wp-content\/uploads\/2013\/04\/SerkanAcar.jpg\"><img loading=\"lazy\" decoding=\"async\" class=\"aligncenter size-full wp-image-639\" src=\"http:\/\/fenerbahceliyiz.biz\/wp\/wp-content\/uploads\/2013\/04\/SerkanAcar.jpg\" alt=\"SerkanAcar\" width=\"511\" height=\"288\" srcset=\"http:\/\/fenerbahceliyiz.biz\/wp\/wp-content\/uploads\/2013\/04\/SerkanAcar.jpg 1022w, http:\/\/fenerbahceliyiz.biz\/wp\/wp-content\/uploads\/2013\/04\/SerkanAcar-300x169.jpg 300w\" sizes=\"auto, (max-width: 511px) 100vw, 511px\" \/><\/a><\/p>\n<p>Ve sonra, 2008 y\u0131l\u0131nda kanser oldu\u011funu \u00f6\u011frendik. Bu g\u00fclery\u00fczl\u00fc insan yener dedim, ve yenmi\u015f gibi de g\u00f6r\u00fcnd\u00fc herkese&#8230;<\/p>\n<p>Ta ki 2012 y\u0131l\u0131nda ben Amerika&#8217;dayken babamdan ald\u0131\u011f\u0131m e-postayla tedavisiyle ilgili olarak Minnesota eyaletinin Rochester \u015fehrindeki Mayo Clinic&#8217;te oldu\u011funu \u00f6\u011freninceye kadar&#8230;<\/p>\n<p>En son 2011 Temmuz&#8217;unda T\u00fcrkiye&#8217;den ayr\u0131lmadan \u00f6nce g\u00f6rd\u00fc\u011f\u00fcm Serkan a\u011fabeyi ziyaret etmek i\u00e7in <a title=\"Champaign, IL'den Rochester, MN\" href=\"https:\/\/maps.google.com\/maps?q=Champaign,+IL+to+Rochester,+MN&amp;saddr=Champaign,+IL&amp;daddr=Rochester,+MN&amp;hl=en&amp;sll=42.069852,-90.352972&amp;sspn=6.694084,16.907959&amp;geocode=FcQgZAIdSYO9-ikbaZfejdAMiDHPv3W0R3j1MA%3BFWi-nwIdmiB9-ilLLF-jS1_3hzE9xmFWFxyV8A&amp;t=m&amp;z=7\" target=\"_blank\">Champaign, IL&#8217;den Rochester, MN<\/a> yollar\u0131na d\u00fc\u015ft\u00fcm. Ak\u015fam vaktinde vard\u0131\u011f\u0131m otellerinde e\u015fi Zeynep De\u011firmencio\u011flu ve o\u011flu Erkan&#8217;la birlikte kar\u015f\u0131lad\u0131 beni. Birlikte yedi\u011fimiz ak\u015fam yeme\u011finin ard\u0131ndan Zeynep han\u0131m otele d\u00f6nerken, Serkan a\u011fabey ve yeni tan\u0131\u015ft\u0131\u011f\u0131m o\u011flu Erkan beyle beraber kahvelerimizi i\u00e7mek i\u00e7in bir cafe&#8217;ye ge\u00e7tik.<\/p>\n<p>Hastal\u0131\u011f\u0131n\u0131n da etkisi vard\u0131 elbette ama as\u0131l olarak\u00a0T\u00fcrkiye&#8217;den ve arkada\u015flar\u0131ndan, Fenerbah\u00e7esinden uzak olman\u0131n s\u0131k\u0131nt\u0131s\u0131n\u0131 ya\u015fad\u0131\u011f\u0131 her halinden belli oluyordu. Ziyaret etmemden duydu\u011fu memnuniyeti tekrar tekrar ifade etti. En az\u0131ndan bir ak\u015fam\u0131n\u0131n mutlu bir \u015fekilde ge\u00e7mesine vesile olduysam ne mutlu bana&#8230; \u00a0Evet\u00a025 Temmuz 2012 Serkan a\u011fabeyi g\u00f6rd\u00fc\u011f\u00fcm\u00a0en son\u00a0g\u00fcn oldu&#8230;<\/p>\n<p><a href=\"http:\/\/fenerbahceliyiz.biz\/wp\/wp-content\/uploads\/2013\/04\/Rochester-2012-07-25-005-_-21.jpg\"><img loading=\"lazy\" decoding=\"async\" class=\"aligncenter size-full wp-image-650\" src=\"http:\/\/fenerbahceliyiz.biz\/wp\/wp-content\/uploads\/2013\/04\/Rochester-2012-07-25-005-_-21.jpg\" alt=\"Rochester 2012-07-25\" width=\"600\" height=\"300\" srcset=\"http:\/\/fenerbahceliyiz.biz\/wp\/wp-content\/uploads\/2013\/04\/Rochester-2012-07-25-005-_-21.jpg 1200w, http:\/\/fenerbahceliyiz.biz\/wp\/wp-content\/uploads\/2013\/04\/Rochester-2012-07-25-005-_-21-300x150.jpg 300w, http:\/\/fenerbahceliyiz.biz\/wp\/wp-content\/uploads\/2013\/04\/Rochester-2012-07-25-005-_-21-1024x512.jpg 1024w\" sizes=\"auto, (max-width: 600px) 100vw, 600px\" \/><\/a><\/p>\n<p>T\u00fcrkiye&#8217;ye d\u00f6nd\u00fckten sonra \u015eubat 2013&#8217;de ye\u011fenime do\u011fum g\u00fcn\u00fc hediyesi almak i\u00e7in Maraton trib\u00fcn\u00fc alt\u0131ndaki Fenerium ma\u011fazas\u0131na gitti\u011fimde, as\u0131l amac\u0131m Serkan a\u011fabeyi\u00a0d\u00f6nd\u00fckten sonra ilk defa ziyaret etmek \u00fczere Fenerium&#8217;dan sonra kul\u00fcbe u\u011framakt\u0131 elbette. \u00a0Fenerium&#8217;dayken kendisine telefon ettim, ve yaz\u0131k ki kul\u00fcpte olmad\u0131\u011f\u0131n\u0131 s\u00f6yledi, &#8220;Fenerium&#8217;a geldi\u011fin zamanlarda \u00f6nce mutlaka bana haber ver&#8221; dedi ve g\u00f6r\u00fc\u015fme dile\u011fiyle telefonu kapatt\u0131k. Bir daha ne kul\u00fcbe gidebildim, ne de kendisine Fenerium&#8217;a gelece\u011fimi haber verebildim&#8230;<\/p>\n<p>18 Nisan 2013 Per\u015fembe g\u00fcn\u00fc, do\u011fum g\u00fcn\u00fcme 10 g\u00fcn kala, hayat\u0131mda ald\u0131\u011f\u0131m en ac\u0131 telefonlardan birini a\u011fabeyimden ald\u0131m;\u00a0&#8220;Serkan Acar vefat etmi\u015f!&#8221;<\/p>\n<p>Fenerbah\u00e7e Spor Kul\u00fcb\u00fc&#8217;n\u00fcn son 47 y\u0131l\u0131nda yer alan, yar\u0131m as\u0131rl\u0131k Fenerbah\u00e7eli Serkan Acar aram\u0131zdan ayr\u0131lm\u0131\u015ft\u0131. A\u011fabeyimiz hayata veda etmi\u015fti. Babam\u0131 arad\u0131m, \u00f6z karde\u015fini kaybetmi\u015f gibi sesi k\u00f6t\u00fcyd\u00fc. Babam ve Serkan a\u011fabey benzer bir hastal\u0131kla m\u00fccadele ediyor, ba\u015far\u0131 hikayelerini birbirlerine anlatmak istiyor gibiydiler&#8230;<\/p>\n<p>Yollar \u015fimdilik ayr\u0131ld\u0131. Ama ben Serkan a\u011fabeyin g\u00fclery\u00fcz\u00fcne, samimiyetine ve insanl\u0131\u011f\u0131na doyamad\u0131m. Bu hayat de\u011ferli insanlarla tan\u0131\u015f\u0131p onlar\u0131n sonsuza kadar kaybedildi\u011fi bir yer olmamal\u0131&#8230; Olamaz&#8230; Bu dostluklar ve karde\u015flikler ger\u00e7ek hayatta anlam bulmal\u0131&#8230; \u00a0Allah cennetinde yeniden kar\u015f\u0131la\u015fmay\u0131 nasip etsin in\u015fallah.<\/p>\n<p>Mekan\u0131n cennet olsun Serkan a\u011fabey.<\/p>\n<p>Fenerium&#8217;a her geldi\u011fimde sana haber vermeye devam edece\u011fim&#8230;<\/p>\n<p>Nur i\u00e7inde yat&#8230;<\/p>\n<p><a title=\"Cenaze Namaz\u0131'ndan...\" href=\"http:\/\/fenerbahceliyiz.biz\/wp\/wp-content\/uploads\/2013\/04\/AUD-20130419-WA0002.wav\" target=\"_blank\">Cenaze Namaz\u0131ndan&#8230;<\/a><\/p>\n<p>&nbsp;<\/p>\n","protected":false},"excerpt":{"rendered":"<p>Y\u0131llar \u00f6nce Fenerbah\u00e7e yar\u0131madas\u0131ndaki eski\u00a0kul\u00fcp binas\u0131nda\u00a0tan\u0131\u015fm\u0131\u015ft\u0131m Serkan a\u011fabeyle. Zemin kat\u0131ndaki odas\u0131nda&#8230; \u0130dari \u0130\u015fler Koordinat\u00f6r\u00fc Serkan Acar&#8230; Ben dokuz ya\u015f\u0131ndayken geldi\u011fimiz \u0130stanbul&#8217;da, \u00fc\u00e7 y\u0131l sonra Kad\u0131k\u00f6y&#8217;le ve Fenerbah\u00e7e Stad\u0131&#8217;yla tan\u0131\u015ft\u0131rm\u0131\u015ft\u0131 babam; a\u011fabeyim ve beni. Ben,&#46;&#46;&#46;<\/p>\n","protected":false},"author":4,"featured_media":650,"comment_status":"open","ping_status":"open","sticky":false,"template":"","format":"standard","meta":{"ngg_post_thumbnail":0,"footnotes":""},"categories":[1],"tags":[131,145,126,130,128,129,125,127],"class_list":["post-638","post","type-post","status-publish","format-standard","has-post-thumbnail","hentry","category-mac_yazisi","tag-131","tag-aziz-yildirim","tag-erkan-acar","tag-fenerbahce-spor-kulubu","tag-idari-isler-koordinatoru","tag-kulup-muduru","tag-serkan-acar","tag-zeynep-degirmencioglu"],"aioseo_notices":[],"_links":{"self":[{"href":"http:\/\/fenerbahceliyiz.biz\/index.php?rest_route=\/wp\/v2\/posts\/638","targetHints":{"allow":["GET"]}}],"collection":[{"href":"http:\/\/fenerbahceliyiz.biz\/index.php?rest_route=\/wp\/v2\/posts"}],"about":[{"href":"http:\/\/fenerbahceliyiz.biz\/index.php?rest_route=\/wp\/v2\/types\/post"}],"author":[{"embeddable":true,"href":"http:\/\/fenerbahceliyiz.biz\/index.php?rest_route=\/wp\/v2\/users\/4"}],"replies":[{"embeddable":true,"href":"http:\/\/fenerbahceliyiz.biz\/index.php?rest_route=%2Fwp%2Fv2%2Fcomments&post=638"}],"version-history":[{"count":8,"href":"http:\/\/fenerbahceliyiz.biz\/index.php?rest_route=\/wp\/v2\/posts\/638\/revisions"}],"predecessor-version":[{"id":772,"href":"http:\/\/fenerbahceliyiz.biz\/index.php?rest_route=\/wp\/v2\/posts\/638\/revisions\/772"}],"wp:featuredmedia":[{"embeddable":true,"href":"http:\/\/fenerbahceliyiz.biz\/index.php?rest_route=\/wp\/v2\/media\/650"}],"wp:attachment":[{"href":"http:\/\/fenerbahceliyiz.biz\/index.php?rest_route=%2Fwp%2Fv2%2Fmedia&parent=638"}],"wp:term":[{"taxonomy":"category","embeddable":true,"href":"http:\/\/fenerbahceliyiz.biz\/index.php?rest_route=%2Fwp%2Fv2%2Fcategories&post=638"},{"taxonomy":"post_tag","embeddable":true,"href":"http:\/\/fenerbahceliyiz.biz\/index.php?rest_route=%2Fwp%2Fv2%2Ftags&post=638"}],"curies":[{"name":"wp","href":"https:\/\/api.w.org\/{rel}","templated":true}]}}