{"id":501,"date":"2012-08-02T01:30:17","date_gmt":"2012-08-01T23:30:17","guid":{"rendered":"http:\/\/fenerbahceliyiz.biz\/?p=501"},"modified":"2016-11-06T13:43:47","modified_gmt":"2016-11-06T11:43:47","slug":"kocamanin-galibiyet-hasreti","status":"publish","type":"post","link":"http:\/\/fenerbahceliyiz.biz\/?p=501","title":{"rendered":"Kocaman&#8217;\u0131n Galibiyet Hasreti, Fenerbah\u00e7e 1-1 FK Vaslui"},"content":{"rendered":"<p>2010 yaz\u0131ndaki Young Boys ve PAOK kar\u015f\u0131la\u015fmalar\u0131n\u0131n ard\u0131ndan 2010-2011 sezonunu, L\u00fctfi Ar\u0131bo\u011fan&#8217;\u0131n kuklas\u0131 Mehmet Ali Ayd\u0131nlar y\u00f6netimindeki TFF Federasyonu&#8217;nun ald\u0131\u011f\u0131 fiyasko karar\u0131n ard\u0131ndan da 2011-2012 sezonunu Avrupa&#8217;dan uzak ge\u00e7iren Fenerbah\u00e7e, Avrupa hasretini dindirmek i\u00e7in 2 y\u0131l aradan sonra Sara\u00e7o\u011flu&#8217;ndayd\u0131.<\/p>\n<div id=\"attachment_505\" style=\"width: 213px\" class=\"wp-caption alignleft\"><img loading=\"lazy\" decoding=\"async\" aria-describedby=\"caption-attachment-505\" class=\" wp-image-505   \" title=\"Aziz Y\u0131ld\u0131r\u0131m 2012\" src=\"http:\/\/fenerbahceliyiz.biz\/wp\/wp-content\/uploads\/2012\/08\/azz.jpg\" alt=\"\" width=\"203\" height=\"203\" srcset=\"http:\/\/fenerbahceliyiz.biz\/wp\/wp-content\/uploads\/2012\/08\/azz.jpg 290w, http:\/\/fenerbahceliyiz.biz\/wp\/wp-content\/uploads\/2012\/08\/azz-150x150.jpg 150w, http:\/\/fenerbahceliyiz.biz\/wp\/wp-content\/uploads\/2012\/08\/azz-125x125.jpg 125w\" sizes=\"auto, (max-width: 203px) 100vw, 203px\" \/><p id=\"caption-attachment-505\" class=\"wp-caption-text\">Aziz Y\u0131ld\u0131r\u0131m yeniden Saraco\u011flu&#8217;nda.<\/p><\/div>\n<p>S\u00f6zde \u015fike davas\u0131ndan yarg\u0131land\u0131\u011f\u0131 mahkemece tutuklulu\u011fu kald\u0131r\u0131lan <strong>Aziz Y\u0131ld\u0131r\u0131m<\/strong>&#8216;\u0131n da bir sene aradan sonra yeniden Saraco\u011flu&#8217;nda Protokol trib\u00fcn\u00fcnde yer ald\u0131\u011f\u0131 kar\u015f\u0131la\u015fma, yine 2 sene \u00f6nceki <strong>Young Boys<\/strong> ve <strong>PAOK<\/strong> ma\u00e7\u0131ndan g\u00f6r\u00fcnt\u00fclere sahne oldu.<\/p>\n<p>Romen Ligi&#8217;ni 2&#8217;nci s\u0131rada bitiren <strong>FC Vaslui<\/strong>&#8216;nin <strong>75<\/strong>&#8216;nci dakikada <strong>Antal<\/strong> ile buldu\u011fu gole <strong>89<\/strong>&#8216;da <strong>Bekir<\/strong> ile kar\u015f\u0131l\u0131k veren Fenerbah\u00e7emiz 1-1&#8217;lik skor ile sahadan avantaj elde edemeden ayr\u0131ld\u0131.<\/p>\n<p>Aykut Kocaman&#8217;\u0131n y\u00f6netiminde \u00e7\u0131kt\u0131\u011f\u0131 be\u015finci Avrupa m\u00fccadelesinden de galibiyet \u00e7\u0131karamayan Fenerbah\u00e7emizin \u015eampiyonlar Ligi&#8217;nde yoluna devam edebilmesi i\u00e7in Romanya&#8217;da \u015feytan\u0131n baca\u011f\u0131n\u0131 k\u0131rmas\u0131n\u0131 bekliyoruz.<\/p>\n","protected":false},"excerpt":{"rendered":"<p>2010 yaz\u0131ndaki Young Boys ve PAOK kar\u015f\u0131la\u015fmalar\u0131n\u0131n ard\u0131ndan 2010-2011 sezonunu, L\u00fctfi Ar\u0131bo\u011fan&#8217;\u0131n kuklas\u0131 Mehmet Ali Ayd\u0131nlar y\u00f6netimindeki TFF Federasyonu&#8217;nun ald\u0131\u011f\u0131 fiyasko karar\u0131n ard\u0131ndan da 2011-2012 sezonunu Avrupa&#8217;dan uzak ge\u00e7iren Fenerbah\u00e7e, Avrupa hasretini dindirmek i\u00e7in&#46;&#46;&#46;<\/p>\n","protected":false},"author":4,"featured_media":585,"comment_status":"open","ping_status":"open","sticky":false,"template":"","format":"standard","meta":{"ngg_post_thumbnail":0,"footnotes":""},"categories":[1],"tags":[105,146,145,104,103,101,102],"class_list":["post-501","post","type-post","status-publish","format-standard","has-post-thumbnail","hentry","category-mac_yazisi","tag-antal","tag-aykut-kocaman","tag-aziz-yildirim","tag-bekir","tag-fk-vaslui","tag-sampiyonlar-ligi","tag-uefa"],"aioseo_notices":[],"_links":{"self":[{"href":"http:\/\/fenerbahceliyiz.biz\/index.php?rest_route=\/wp\/v2\/posts\/501","targetHints":{"allow":["GET"]}}],"collection":[{"href":"http:\/\/fenerbahceliyiz.biz\/index.php?rest_route=\/wp\/v2\/posts"}],"about":[{"href":"http:\/\/fenerbahceliyiz.biz\/index.php?rest_route=\/wp\/v2\/types\/post"}],"author":[{"embeddable":true,"href":"http:\/\/fenerbahceliyiz.biz\/index.php?rest_route=\/wp\/v2\/users\/4"}],"replies":[{"embeddable":true,"href":"http:\/\/fenerbahceliyiz.biz\/index.php?rest_route=%2Fwp%2Fv2%2Fcomments&post=501"}],"version-history":[{"count":13,"href":"http:\/\/fenerbahceliyiz.biz\/index.php?rest_route=\/wp\/v2\/posts\/501\/revisions"}],"predecessor-version":[{"id":509,"href":"http:\/\/fenerbahceliyiz.biz\/index.php?rest_route=\/wp\/v2\/posts\/501\/revisions\/509"}],"wp:featuredmedia":[{"embeddable":true,"href":"http:\/\/fenerbahceliyiz.biz\/index.php?rest_route=\/wp\/v2\/media\/585"}],"wp:attachment":[{"href":"http:\/\/fenerbahceliyiz.biz\/index.php?rest_route=%2Fwp%2Fv2%2Fmedia&parent=501"}],"wp:term":[{"taxonomy":"category","embeddable":true,"href":"http:\/\/fenerbahceliyiz.biz\/index.php?rest_route=%2Fwp%2Fv2%2Fcategories&post=501"},{"taxonomy":"post_tag","embeddable":true,"href":"http:\/\/fenerbahceliyiz.biz\/index.php?rest_route=%2Fwp%2Fv2%2Ftags&post=501"}],"curies":[{"name":"wp","href":"https:\/\/api.w.org\/{rel}","templated":true}]}}