{"id":473,"date":"2012-02-17T23:09:21","date_gmt":"2012-02-17T21:09:21","guid":{"rendered":"http:\/\/fenerbahceliyiz.biz\/wp\/?p=473"},"modified":"2016-11-06T13:43:43","modified_gmt":"2016-11-06T11:43:43","slug":"samanyoluveyeniturkiye","status":"publish","type":"post","link":"http:\/\/fenerbahceliyiz.biz\/?p=473","title":{"rendered":"&#8220;Samanyoluhaber&#8221; ve Yeni T\u00fcrkiye"},"content":{"rendered":"<p>Samanyoluhaber&#8217;in a\u015fa\u011f\u0131daki haberinde koyu renkli olarak i\u015faretledi\u011fim b\u00f6l\u00fcmler bulunmasa ne eksik olur? <strong>Buna habercilik mi denir?<\/strong> Yap\u0131lmak istenen nedir?<\/p>\n<p>Balyoz davas\u0131nda, Ergenekon davas\u0131nda, \u015eike davas\u0131nda, k\u0131sacas\u0131 <strong>devam etmekte olan<\/strong> ho\u015flanmad\u0131klar\u0131\u00a0ki\u015filere (<strong>TSK<\/strong>,\u00a0<strong>Fenerbah\u00e7e<\/strong>\u00a0vs.)\u00a0ili\u015fkin her t\u00fcrl\u00fc davada &#8220;<strong>zanl\u0131<\/strong>&#8220;lar\u0131 &#8220;<strong>su\u00e7lu<\/strong>&#8221; olarak ilan eden yorumlar yapmaktan \u00e7ekinmeyen, bu tarz habercilikle izleyicilerini &#8220;<strong>akl\u0131 \u00e7elinmesi gereken insanlar<\/strong>&#8221; yerine koymaktan \u00a0\u00e7ekinmeyen bu kanal\u0131n &#8220;<strong>Haberin Adresi<\/strong>&#8221; olan slogan\u0131n\u0131 en k\u0131sa s\u00fcrede <strong>bir ba\u015fka adresle de\u011fi\u015ftirmeleri<\/strong> isabetli bir se\u00e7im olacakt\u0131r.<\/p>\n<p><a href=\"http:\/\/fenerbahceliyiz.biz\/wp\/wp-content\/uploads\/2012\/02\/Sukurr.jpg\"><img loading=\"lazy\" decoding=\"async\" class=\"alignnone size-full wp-image-475\" title=\"Sukurr\" src=\"http:\/\/fenerbahceliyiz.biz\/wp\/wp-content\/uploads\/2012\/02\/Sukurr.jpg\" alt=\"\" width=\"460\" height=\"290\" srcset=\"http:\/\/fenerbahceliyiz.biz\/wp\/wp-content\/uploads\/2012\/02\/Sukurr.jpg 460w, http:\/\/fenerbahceliyiz.biz\/wp\/wp-content\/uploads\/2012\/02\/Sukurr-300x189.jpg 300w\" sizes=\"auto, (max-width: 460px) 100vw, 460px\" \/><\/a><\/p>\n<p><em>\u201c<strong>Yapt\u0131\u011f\u0131 hizmetleriyle halk\u0131n yak\u0131ndan tan\u0131d\u0131\u011f\u0131 herkesin sevdi\u011fi ve sayg\u0131 g\u00f6sterdi\u011fi<\/strong> Hakan \u015e\u00fck\u00fcr, spor yorumculu\u011funa neden devam etti\u011fini a\u00e7\u0131klad\u0131.\u201d<\/em><\/p>\n<p><em><\/em><em>\u00a0\u201c<strong>Gerek Milli Tak\u0131m&#8217;da, gerekse Galatasaray&#8217;da k\u0131rd\u0131\u011f\u0131 rekorlarla takdir toplayan \u015e\u00fck\u00fcr<\/strong>, T\u00fcrkiye B\u00fcy\u00fck Millet Meclisi&#8217;ndeki baz\u0131 oturumlara kat\u0131lamam\u0131\u015ft\u0131. <strong>Birileri bunu da diline dolad\u0131.<\/strong> Hasta olmas\u0131na ve hastanede kalmas\u0131na ra\u011fmen, oturumlara kat\u0131lamamas\u0131n\u0131 \u00e7arp\u0131tt\u0131lar. Hakan \u015e\u00fck\u00fcr iftiralar\u0131 da belgelerle yalanlad\u0131.\u201d<\/em><\/p>\n<p><em><\/em><em>\u201c<strong>Hakan \u015e\u00fck\u00fcr gerek futbol hayat\u0131 gerekse sosyal ve aile hayat\u0131yla halk\u0131n sevgi ve be\u011fenisini kazanm\u0131\u015f \u00f6rnek bir ki\u015filik.<\/strong> Son a\u00e7\u0131klamalar\u0131 da ismi \u00fczerinden siyaset yapmak isteyenlere a\u00e7\u0131k bir cevap.\u201d<\/em><\/p>\n<p><em><\/em>kaynak:\u00a0<a href=\"http:\/\/www.samanyoluhaber.com\/politika\/Hakan-Sukur-suskunlugunu-bozdu\/734056\/\">http:\/\/www.samanyoluhaber.com\/politika\/Hakan-Sukur-suskunlugunu-bozdu\/734056\/<\/a><\/p>\n","protected":false},"excerpt":{"rendered":"<p>Samanyoluhaber&#8217;in a\u015fa\u011f\u0131daki haberinde koyu renkli olarak i\u015faretledi\u011fim b\u00f6l\u00fcmler bulunmasa ne eksik olur? Buna habercilik mi denir? Yap\u0131lmak istenen nedir? Balyoz davas\u0131nda, Ergenekon davas\u0131nda, \u015eike davas\u0131nda, k\u0131sacas\u0131 devam etmekte olan ho\u015flanmad\u0131klar\u0131\u00a0ki\u015filere (TSK,\u00a0Fenerbah\u00e7e\u00a0vs.)\u00a0ili\u015fkin her t\u00fcrl\u00fc davada&#46;&#46;&#46;<\/p>\n","protected":false},"author":4,"featured_media":475,"comment_status":"open","ping_status":"open","sticky":false,"template":"","format":"standard","meta":{"ngg_post_thumbnail":0,"footnotes":""},"categories":[1],"tags":[96,98,97,100,99],"class_list":["post-473","post","type-post","status-publish","format-standard","has-post-thumbnail","hentry","category-mac_yazisi","tag-hakan-sukur","tag-lig-tv","tag-muharrem-ince","tag-samanyolu","tag-samanyoluhaber"],"aioseo_notices":[],"_links":{"self":[{"href":"http:\/\/fenerbahceliyiz.biz\/index.php?rest_route=\/wp\/v2\/posts\/473","targetHints":{"allow":["GET"]}}],"collection":[{"href":"http:\/\/fenerbahceliyiz.biz\/index.php?rest_route=\/wp\/v2\/posts"}],"about":[{"href":"http:\/\/fenerbahceliyiz.biz\/index.php?rest_route=\/wp\/v2\/types\/post"}],"author":[{"embeddable":true,"href":"http:\/\/fenerbahceliyiz.biz\/index.php?rest_route=\/wp\/v2\/users\/4"}],"replies":[{"embeddable":true,"href":"http:\/\/fenerbahceliyiz.biz\/index.php?rest_route=%2Fwp%2Fv2%2Fcomments&post=473"}],"version-history":[{"count":10,"href":"http:\/\/fenerbahceliyiz.biz\/index.php?rest_route=\/wp\/v2\/posts\/473\/revisions"}],"predecessor-version":[{"id":1084,"href":"http:\/\/fenerbahceliyiz.biz\/index.php?rest_route=\/wp\/v2\/posts\/473\/revisions\/1084"}],"wp:featuredmedia":[{"embeddable":true,"href":"http:\/\/fenerbahceliyiz.biz\/index.php?rest_route=\/wp\/v2\/media\/475"}],"wp:attachment":[{"href":"http:\/\/fenerbahceliyiz.biz\/index.php?rest_route=%2Fwp%2Fv2%2Fmedia&parent=473"}],"wp:term":[{"taxonomy":"category","embeddable":true,"href":"http:\/\/fenerbahceliyiz.biz\/index.php?rest_route=%2Fwp%2Fv2%2Fcategories&post=473"},{"taxonomy":"post_tag","embeddable":true,"href":"http:\/\/fenerbahceliyiz.biz\/index.php?rest_route=%2Fwp%2Fv2%2Ftags&post=473"}],"curies":[{"name":"wp","href":"https:\/\/api.w.org\/{rel}","templated":true}]}}