{"id":453,"date":"2012-01-10T23:23:14","date_gmt":"2012-01-10T21:23:14","guid":{"rendered":"http:\/\/fenerbahceliyiz.biz\/wp\/?p=453"},"modified":"2016-11-06T13:43:39","modified_gmt":"2016-11-06T11:43:39","slug":"ince-ayar-bunyeye-zarar","status":"publish","type":"post","link":"http:\/\/fenerbahceliyiz.biz\/?p=453","title":{"rendered":"&#8216;\u0130nce Ayar&#8217; B\u00fcnyeye Zarar&#8230;"},"content":{"rendered":"<p><img loading=\"lazy\" decoding=\"async\" class=\"aligncenter size-full wp-image-455\" title=\"Erdogan Bayraktar\" src=\"http:\/\/fenerbahceliyiz.biz\/wp\/wp-content\/uploads\/2012\/01\/bayraktar.jpg\" alt=\"\" width=\"440\" height=\"210\" srcset=\"http:\/\/fenerbahceliyiz.biz\/wp\/wp-content\/uploads\/2012\/01\/bayraktar.jpg 440w, http:\/\/fenerbahceliyiz.biz\/wp\/wp-content\/uploads\/2012\/01\/bayraktar-300x143.jpg 300w\" sizes=\"auto, (max-width: 440px) 100vw, 440px\" \/>3 Temmuz&#8217;dan bu yana Fenerbah\u00e7e cephesinde soru\u015fturman\u0131n arkas\u0131ndakilerle ilgili \u00e7e\u015fitli senaryolar dile getiriliyor. Bunlar\u0131n baz\u0131s\u0131 kula\u011fa mant\u0131kl\u0131 gelirken baz\u0131s\u0131 mant\u0131ks\u0131z bulunuyor. Do\u011fru veya yanl\u0131\u015f Fenerbah\u00e7e taraftar\u0131n\u0131n ortaya \u00e7\u0131kan par\u00e7alar\u0131 bir araya getirmesini kolayla\u015ft\u0131ran a\u00e7\u0131klamalardan biri de \u00c7evre ve \u015eehircilik Bakan\u0131 Erdo\u011fan Bayraktar&#8217;\u0131n milletvekili se\u00e7ildi\u011fi b\u00f6lge olan Trabzon&#8217;da yapt\u0131\u011f\u0131 bir konu\u015fma oldu.<\/p>\n<blockquote><p><em>Trabzon T\u00fcrkiye&#8217;de \u00e7ok \u00f6nemli. Trabzon g\u00fclerse, T\u00fcrkiye g\u00fcler. Trabzon kalk\u0131n\u0131rsa T\u00fcrkiye \u00e7ok b\u00fcy\u00fck mesaj verir. \u015eimdi bizim hakk\u0131m\u0131z olan Trabzonspor&#8217;umuzun kupas\u0131n\u0131 almak i\u00e7in de \u00e7ok ince ayar bir \u00e7al\u0131\u015fma yap\u0131yoruz. \u0130n\u015fallah\u00a0hakk\u0131 olan Trabzonspor&#8217;umuzun kupas\u0131n\u0131 da Trabzon&#8217;un m\u00fczesine\u00a0getirece\u011fiz. Allah bize in\u015fallah bunu nasip edecek.<\/em><\/p><\/blockquote>\n<p>Fenerbah\u00e7e hakk\u0131nda ortaya at\u0131lan iddialar\u0131n Trabzon kahvelerinden \u00e7\u0131km\u0131\u015f havas\u0131, iddianamede Zeki Mazlum&#8217;un ifadesinden makaslanan Trabzon AK Parti te\u015fkilat\u0131n\u0131n Trabzonspor&#8217;un \u015fampiyonlu\u011fu i\u00e7in her\u015feyi yapabilece\u011fine dair s\u00f6zleri, Trabzon eski milletvekili Kemalettin G\u00f6kta\u015f&#8217;\u0131n ge\u00e7en sezonun ikinci yar\u0131s\u0131ndaki &#8220;se\u00e7im \u00e7al\u0131\u015fmalar\u0131&#8221;, operasyonun se\u00e7im sonras\u0131na b\u0131rak\u0131lmas\u0131 ve son olarak Erdo\u011fan Bayraktar&#8217;\u0131n &#8220;\u00e7ok ince ayar yap\u0131yoruz&#8221; a\u00e7\u0131klamas\u0131 ister istemez kafalarda bir alg\u0131 olu\u015fturuyor. Gazete man\u015fetlerinden \u00e7arp\u0131t\u0131larak verilen, \u00e7o\u011fu yalan \u00e7\u0131kan ve kalan\u0131 da onca propagandaya ra\u011fmen ispatlanamayan s\u00f6zde \u015fike anla\u015fmalar\u0131 haberleriyle Fenerbah\u00e7e camias\u0131\u00a0nas\u0131l \u015fikeci alg\u0131s\u0131na maruz b\u0131rak\u0131ld\u0131ysa, AK Parti hakk\u0131nda yukar\u0131da sayd\u0131\u011f\u0131m akl\u0131ma gelen gerek\u00e7eler nedeniyle Fenerbah\u00e7eliler nezdinde de \u00e7ok ciddi bir alg\u0131 olu\u015fuyor.<\/p>\n<p>Fenerbah\u00e7e yaln\u0131z b\u0131rak\u0131lmaya al\u0131\u015fk\u0131n oldu\u011fu i\u00e7in g\u00f6sterilen tutumun camian\u0131n kenetlenmesine yard\u0131mdan ba\u015fka bir etkisi olmaz. Ancak toplumun her kesiminden insan\u0131 i\u00e7inde bar\u0131nd\u0131ran bir sivil toplum \u00f6rg\u00fct\u00fcn\u00fcn g\u00f6z\u00fcnde olu\u015facak alg\u0131 bir siyasi parti i\u00e7in \u00f6l\u00fcmc\u00fcl sonu\u00e7lar do\u011furabilir. Her sene Fenerbah\u00e7e&#8217;nin rakiplerinin \u015fampiyonlu\u011funu destekleyen vekiller, dobra! a\u00e7\u0131klamalar yapan bakanlar ortaya \u00e7\u0131kmaya devam etti\u011fi, bu a\u00e7\u0131klamalar\u0131 yapanlardan hesap sorulmad\u0131\u011f\u0131 m\u00fcddet\u00e7e bu r\u00fczgar\u0131n tersine d\u00f6nmesi de m\u00fcmk\u00fcn g\u00f6z\u00fckm\u00fcyor.<\/p>\n","protected":false},"excerpt":{"rendered":"<p>3 Temmuz&#8217;dan bu yana Fenerbah\u00e7e cephesinde soru\u015fturman\u0131n arkas\u0131ndakilerle ilgili \u00e7e\u015fitli senaryolar dile getiriliyor. Bunlar\u0131n baz\u0131s\u0131 kula\u011fa mant\u0131kl\u0131 gelirken baz\u0131s\u0131 mant\u0131ks\u0131z bulunuyor. Do\u011fru veya yanl\u0131\u015f Fenerbah\u00e7e taraftar\u0131n\u0131n ortaya \u00e7\u0131kan par\u00e7alar\u0131 bir araya getirmesini kolayla\u015ft\u0131ran a\u00e7\u0131klamalardan&#46;&#46;&#46;<\/p>\n","protected":false},"author":2,"featured_media":455,"comment_status":"open","ping_status":"open","sticky":false,"template":"","format":"standard","meta":{"ngg_post_thumbnail":0,"footnotes":""},"categories":[95],"tags":[],"class_list":["post-453","post","type-post","status-publish","format-standard","has-post-thumbnail","hentry","category-sorusturma"],"aioseo_notices":[],"_links":{"self":[{"href":"http:\/\/fenerbahceliyiz.biz\/index.php?rest_route=\/wp\/v2\/posts\/453","targetHints":{"allow":["GET"]}}],"collection":[{"href":"http:\/\/fenerbahceliyiz.biz\/index.php?rest_route=\/wp\/v2\/posts"}],"about":[{"href":"http:\/\/fenerbahceliyiz.biz\/index.php?rest_route=\/wp\/v2\/types\/post"}],"author":[{"embeddable":true,"href":"http:\/\/fenerbahceliyiz.biz\/index.php?rest_route=\/wp\/v2\/users\/2"}],"replies":[{"embeddable":true,"href":"http:\/\/fenerbahceliyiz.biz\/index.php?rest_route=%2Fwp%2Fv2%2Fcomments&post=453"}],"version-history":[{"count":6,"href":"http:\/\/fenerbahceliyiz.biz\/index.php?rest_route=\/wp\/v2\/posts\/453\/revisions"}],"predecessor-version":[{"id":1083,"href":"http:\/\/fenerbahceliyiz.biz\/index.php?rest_route=\/wp\/v2\/posts\/453\/revisions\/1083"}],"wp:featuredmedia":[{"embeddable":true,"href":"http:\/\/fenerbahceliyiz.biz\/index.php?rest_route=\/wp\/v2\/media\/455"}],"wp:attachment":[{"href":"http:\/\/fenerbahceliyiz.biz\/index.php?rest_route=%2Fwp%2Fv2%2Fmedia&parent=453"}],"wp:term":[{"taxonomy":"category","embeddable":true,"href":"http:\/\/fenerbahceliyiz.biz\/index.php?rest_route=%2Fwp%2Fv2%2Fcategories&post=453"},{"taxonomy":"post_tag","embeddable":true,"href":"http:\/\/fenerbahceliyiz.biz\/index.php?rest_route=%2Fwp%2Fv2%2Ftags&post=453"}],"curies":[{"name":"wp","href":"https:\/\/api.w.org\/{rel}","templated":true}]}}