{"id":424,"date":"2012-01-03T01:49:43","date_gmt":"2012-01-02T23:49:43","guid":{"rendered":"http:\/\/fenerbahceliyiz.biz\/wp\/?p=424"},"modified":"2016-11-06T13:41:54","modified_gmt":"2016-11-06T11:41:54","slug":"hem-derbiyi-hem-engini-kazandik","status":"publish","type":"post","link":"http:\/\/fenerbahceliyiz.biz\/?p=424","title":{"rendered":"Hem Derbiyi, Hem Engin&#8217;i Kazand\u0131k"},"content":{"rendered":"<p>Fenerbah\u00e7e \u00dclker ile Galatasaray Medical Park, 2011&#8217;in son derbisinde Sinan Erdem Spor Salonu&#8217;nda kar\u015f\u0131 kar\u015f\u0131ya geldi. Tam Mirsad T\u00fcrkcan&#8217;\u0131n sakatl\u0131\u011f\u0131ndan tamamen kurtuldu\u011fu y\u00f6n\u00fcndeki haberlere sevinirken, ma\u00e7tan bir g\u00fcn \u00f6nce gelen Roko Ukic&#8217;in idmanda orta parma\u011f\u0131n\u0131n k\u0131r\u0131ld\u0131\u011f\u0131 haberleri keyifleri ka\u00e7\u0131rd\u0131. Fenerbah\u00e7eli taraftarlar\u0131n Sinan Erdem ve 2011&#8217;e veda niteli\u011fi ta\u015f\u0131yan bu derbi ma\u00e7a ilgisi y\u00fcksekti. Taraftarlar\u0131m\u0131z\u0131n hava at\u0131\u015f\u0131yla birlikte sahaya f\u0131rlatmaya ba\u015flad\u0131klar\u0131 konfetiler en \u00e7ok cuma trafi\u011finde salona yeti\u015fmeye \u00e7al\u0131\u015fanlara yarad\u0131.<\/p>\n<p>B\u00fcy\u00fck b\u00f6l\u00fcm\u00fc Galatasaray&#8217;\u0131n \u00fcst\u00fcnl\u00fc\u011f\u00fcnde ge\u00e7ilen ma\u00e7ta fark bir ara 11 say\u0131ya kadar \u00e7\u0131kt\u0131. Savunmada zaman zaman sa\u00e7 ba\u015f yolduran g\u00f6r\u00fcnt\u00fcm\u00fcz ve verimsiz h\u00fccumlar\u0131m\u0131z\u0131n \u00f6n plana \u00e7\u0131kt\u0131\u011f\u0131 ilk yar\u0131y\u0131 sadece 4 say\u0131 geride kapatm\u0131\u015f olmam\u0131z asl\u0131nda ma\u00e7\u0131n \u00f6zeti niteli\u011findeydi. \u0130kinci yar\u0131n\u0131n hemen ba\u015f\u0131nda Engin Ats\u00fcr&#8217;\u00fcn pe\u015f pe\u015fe say\u0131lar\u0131yla fark\u0131 eritmemize ra\u011fmen hakemlerin \u00fcst \u00fcste gelen yanl\u0131\u015f ve ters kararlar\u0131n\u0131n da yard\u0131m\u0131yla Galatasaray&#8217;\u0131n fark\u0131 tekrar 9 say\u0131ya \u00e7\u0131karmas\u0131 Fenerbah\u00e7e trib\u00fcnlerinin fazlas\u0131yla hareketlenmesine neden oldu. Sahaya at\u0131lan yabanc\u0131 maddeler nedeniyle ma\u00e7\u0131n hakemleri soyunma odas\u0131na gittiler. Yakla\u015f\u0131k 15 dakika sonra hakemlerin sahaya te\u015frifleriyle ma\u00e7 kald\u0131\u011f\u0131 yerden devam etti.<\/p>\n<p>Trib\u00fcnlerin bu tavr\u0131n\u0131n bir tarafa oyun i\u00e7erisinde yarar veya zarar getirdi\u011fini s\u00f6ylemek m\u00fcmk\u00fcn de\u011fil. Zira Galatasaray son periyodun ilk dakikalar\u0131nda fark\u0131 11 say\u0131ya \u00e7\u0131kartarak ma\u00e7taki en b\u00fcy\u00fck fark\u0131 da elde etti. Ancak i\u015fler ma\u00e7\u0131n son 3-4 dakikas\u0131nda tersine d\u00f6nd\u00fc. Savunmada taraftarla b\u00fct\u00fcnle\u015ferek artan direncin yan\u0131na Marko Tomas&#8217;\u0131n \u00fc\u00e7l\u00fckleri, Engin&#8217;in sorumluluk ald\u0131\u011f\u0131 anlarda buldu\u011fumuz kritik say\u0131lar eklenince 10-0&#8217;l\u0131k seriyle skoru 80-76&#8217;ya getirdik. Hakemlerin yine tart\u0131\u015fmal\u0131 bir kararla Galatasaray&#8217;a verdi\u011fi topun Lakovic&#8217;in ellerinden \u00fc\u00e7 say\u0131l\u0131k baskete d\u00f6n\u00fc\u015fmesiyle fark tekrar 1&#8217;e indi. Basketbolcular\u0131m\u0131z h\u00fccumdan bo\u015f d\u00f6n\u00fcnce son h\u00fccumda Galatasaray&#8217;a ma\u00e7\u0131 kazanma \u015fans\u0131 do\u011fdu. Rakibimiz at\u0131\u015fta isabet kaydedemeyince bir ba\u015fka derbi daha Fenerbah\u00e7e galibiyetiyle geride kalm\u0131\u015f oldu.<\/p>\n<p>Emir Preldzic&#8217;in cezal\u0131, Roko Ukic&#8217;in sakat oldu\u011fu bir g\u00fcnde ma\u00e7\u0131n kaderinin Engin Ats\u00fcr, Curtis Jerrells ve hatta Hakan Demirel&#8217;in belirleyece\u011fini tahmin etmek zor de\u011fildi. \u00d6zellikle Engin&#8217;in kritik anlarda sorumluluk al\u0131p h\u00fccumda kilit a\u00e7an bir kimli\u011fe b\u00fcr\u00fcnmesi hem bu \u00f6nemli ma\u00e7\u0131n kazan\u0131lmas\u0131, hem de gelece\u011fe umutla bakmam\u0131z i\u00e7in \u00f6nemliydi. Ukic&#8217;in sakatl\u0131\u011f\u0131 elbette Avrupa&#8217;da Son 16 ma\u00e7lar\u0131 \u00f6ncesinde hepimizi endi\u015feye sevk etti. Ancak bu ge\u00e7ici kayb\u0131n Engin&#8217;in hasretle bekledi\u011fimiz \u00e7\u0131k\u0131\u015f\u0131na vesile olmas\u0131 en b\u00fcy\u00fck temennimiz. Galatasaray kar\u015f\u0131s\u0131nda bu \u0131\u015f\u0131\u011f\u0131 ald\u0131k. \u0130n\u015fallah sakatl\u0131klar\u0131n en k\u0131sa s\u00fcrede haz\u0131r bir \u015fekilde tak\u0131ma kat\u0131lmas\u0131yla \u00e7ok daha iyi yerlere gelece\u011fiz. S\u0131rada yeni salonumuzun a\u00e7\u0131l\u0131\u015f\u0131nda a\u011f\u0131rlayaca\u011f\u0131m\u0131z Anadolu Efes var&#8230;<\/p>\nngg_shortcode_0_placeholder\n","protected":false},"excerpt":{"rendered":"<p>Fenerbah\u00e7e \u00dclker ile Galatasaray Medical Park, 2011&#8217;in son derbisinde Sinan Erdem Spor Salonu&#8217;nda kar\u015f\u0131 kar\u015f\u0131ya geldi. Tam Mirsad T\u00fcrkcan&#8217;\u0131n sakatl\u0131\u011f\u0131ndan tamamen kurtuldu\u011fu y\u00f6n\u00fcndeki haberlere sevinirken, ma\u00e7tan bir g\u00fcn \u00f6nce gelen Roko Ukic&#8217;in idmanda orta&#46;&#46;&#46;<\/p>\n","protected":false},"author":1,"featured_media":1080,"comment_status":"open","ping_status":"open","sticky":false,"template":"","format":"standard","meta":{"ngg_post_thumbnail":0,"footnotes":""},"categories":[1],"tags":[85,150,84,86,87],"class_list":["post-424","post","type-post","status-publish","format-standard","has-post-thumbnail","hentry","category-mac_yazisi","tag-basketbol","tag-engin-atsur","tag-fenerbahce-ulker","tag-galatasaray-medical-park","tag-sinan-erdem-spor-salonu"],"aioseo_notices":[],"_links":{"self":[{"href":"http:\/\/fenerbahceliyiz.biz\/index.php?rest_route=\/wp\/v2\/posts\/424","targetHints":{"allow":["GET"]}}],"collection":[{"href":"http:\/\/fenerbahceliyiz.biz\/index.php?rest_route=\/wp\/v2\/posts"}],"about":[{"href":"http:\/\/fenerbahceliyiz.biz\/index.php?rest_route=\/wp\/v2\/types\/post"}],"author":[{"embeddable":true,"href":"http:\/\/fenerbahceliyiz.biz\/index.php?rest_route=\/wp\/v2\/users\/1"}],"replies":[{"embeddable":true,"href":"http:\/\/fenerbahceliyiz.biz\/index.php?rest_route=%2Fwp%2Fv2%2Fcomments&post=424"}],"version-history":[{"count":10,"href":"http:\/\/fenerbahceliyiz.biz\/index.php?rest_route=\/wp\/v2\/posts\/424\/revisions"}],"predecessor-version":[{"id":1082,"href":"http:\/\/fenerbahceliyiz.biz\/index.php?rest_route=\/wp\/v2\/posts\/424\/revisions\/1082"}],"wp:featuredmedia":[{"embeddable":true,"href":"http:\/\/fenerbahceliyiz.biz\/index.php?rest_route=\/wp\/v2\/media\/1080"}],"wp:attachment":[{"href":"http:\/\/fenerbahceliyiz.biz\/index.php?rest_route=%2Fwp%2Fv2%2Fmedia&parent=424"}],"wp:term":[{"taxonomy":"category","embeddable":true,"href":"http:\/\/fenerbahceliyiz.biz\/index.php?rest_route=%2Fwp%2Fv2%2Fcategories&post=424"},{"taxonomy":"post_tag","embeddable":true,"href":"http:\/\/fenerbahceliyiz.biz\/index.php?rest_route=%2Fwp%2Fv2%2Ftags&post=424"}],"curies":[{"name":"wp","href":"https:\/\/api.w.org\/{rel}","templated":true}]}}