{"id":1244,"date":"2020-06-18T16:45:32","date_gmt":"2020-06-18T13:45:32","guid":{"rendered":"http:\/\/fenerbahceliyiz.biz\/?p=1244"},"modified":"2020-06-18T16:46:05","modified_gmt":"2020-06-18T13:46:05","slug":"turk-basini","status":"publish","type":"post","link":"http:\/\/fenerbahceliyiz.biz\/?p=1244","title":{"rendered":"&#8220;&#8230;&#8221; T\u00fcrk Bas\u0131n\u0131"},"content":{"rendered":"\n<p>Bundan 15 y\u0131l kadar \u00f6nce Fenerbah\u00e7emizin Hollandal\u0131 y\u0131ld\u0131z\u0131 Pierre van Hooijdonk &#8220;Quality Turkish Media&#8221; yani &#8220;Kaliteli T\u00fcrk Medyas\u0131&#8221; ifadesiyle T\u00fcrk bas\u0131n\u0131n\u0131n seviyesini ironik bir \u015fekilde belirtiyordu. Aradan ge\u00e7en s\u00fcrede T\u00fcrk bas\u0131n\u0131n\u0131n geli\u015fimi ve ula\u015ft\u0131\u011f\u0131 yeni seviye, \u00f6zellikle de Fenerbah\u00e7e d\u00fc\u015fmanl\u0131\u011f\u0131 s\u00f6zkonusu oldu\u011funda, kelimelerle ifade edilemiyor. Art\u0131k, ars\u0131zl\u0131kta s\u00fcrekli kendini a\u015fma halini T\u00fcrk bas\u0131n\u0131n\u0131n yeni normali olarak tarif etmek belki de en do\u011frusu.<\/p>\n\n\n\n<p>Liglerin tekrar ba\u015flama s\u00fcrecinde sadece son bir haftada kar\u015f\u0131la\u015ft\u0131\u011f\u0131m\u0131z manzara bas\u0131n\u0131n hukuk tan\u0131maz ve f\u00fctursuz tavr\u0131n\u0131 tekrar g\u00f6zler \u00f6n\u00fcne seriyor. \u00d6yle ki, bu ortamda,<\/p>\n\n\n\n<ul class=\"wp-block-list\"><li>Fotoma\u00e7&#8217;\u0131n tam sayfa man\u015fetinde Trabzon&#8217;un s\u00f6zde 8&#8217;nci \u015fampiyonluk hedefine at\u0131f yap\u0131lmas\u0131;<\/li><\/ul>\n\n\n\n<div class=\"wp-block-image\"><figure class=\"aligncenter size-large is-resized\"><img loading=\"lazy\" decoding=\"async\" src=\"http:\/\/fenerbahceliyiz.biz\/wp\/wp-content\/uploads\/2020\/06\/arsizfotomac-645x1024.jpg\" alt=\"\" class=\"wp-image-1250\" width=\"207\" height=\"328\" srcset=\"http:\/\/fenerbahceliyiz.biz\/wp\/wp-content\/uploads\/2020\/06\/arsizfotomac-645x1024.jpg 645w, http:\/\/fenerbahceliyiz.biz\/wp\/wp-content\/uploads\/2020\/06\/arsizfotomac-189x300.jpg 189w, http:\/\/fenerbahceliyiz.biz\/wp\/wp-content\/uploads\/2020\/06\/arsizfotomac.jpg 720w\" sizes=\"auto, (max-width: 207px) 100vw, 207px\" \/><figcaption>Fotoma\u00e7 gazetesinin Trabzonspor \u00f6zel yalamas\u0131<\/figcaption><\/figure><\/div>\n\n\n\n<ul class=\"wp-block-list\"><li>Anadolu Ajans\u0131&#8217;n\u0131n, futboldaki FET\u00d6 yap\u0131lanmas\u0131yla ilgili k\u0131sa videosunu sadece Fenerbah\u00e7e formas\u0131 giymi\u015f itiraf\u00e7\u0131 iki futbolcunun i\u00e7inde Fenerbah\u00e7e ad\u0131n\u0131n ge\u00e7mesi d\u0131\u015f\u0131nda hi\u00e7bir de\u011fer ta\u015f\u0131mayan a\u00e7\u0131klamalar\u0131&nbsp;temeline oturtup, olu\u015fturdu\u011fu alg\u0131;<\/li><\/ul>\n\n\n\n<figure class=\"wp-block-video aligncenter\"><video height=\"360\" style=\"aspect-ratio: 640 \/ 360;\" width=\"640\" controls muted src=\"http:\/\/fenerbahceliyiz.biz\/wp\/wp-content\/uploads\/2020\/06\/videoplayback.mp4\"><\/video><figcaption>Anadolu Ajans\u0131 \u00e7ok kilit bilgiler payla\u015f\u0131yor!<\/figcaption><\/figure>\n\n\n\n<ul class=\"wp-block-list\"><li>Sebebi say\u0131 saymay\u0131 bilmemekten mi, ars\u0131zl\u0131ktan m\u0131 tart\u0131\u015f\u0131l\u0131r; Aspor&#8217;da kullan\u0131lan &#8220;Trabzonspor bu sene 8&#8217;inci kez mutlu sona ula\u015fmak  istiyor.&#8221; ifadeleri;<\/li><\/ul>\n\n\n\n<figure class=\"wp-block-video aligncenter\"><video height=\"260\" style=\"aspect-ratio: 480 \/ 260;\" width=\"480\" controls src=\"http:\/\/fenerbahceliyiz.biz\/wp\/wp-content\/uploads\/2020\/06\/arsizaspor.mp4\"><\/video><figcaption>Aspor&#8217;un say\u0131 saymay\u0131 bilmeyen! masum sunucusu<\/figcaption><\/figure>\n\n\n\n<ul class=\"wp-block-list\"><li>Trabzon&#8217;daki yerel gazetelerin hukuk tan\u0131mayan man\u015fetlerinin t\u0131rnak i\u00e7inde TRT ve NTV gibi ana ak\u0131m yay\u0131n organlar\u0131 hatta devlet kanallar\u0131 taraf\u0131ndan payla\u015f\u0131lmas\u0131 gayet normal kar\u015f\u0131lan\u0131yor. <\/li><\/ul>\n\n\n\n<div class=\"wp-block-image\"><figure class=\"aligncenter size-large is-resized\"><img loading=\"lazy\" decoding=\"async\" src=\"http:\/\/fenerbahceliyiz.biz\/wp\/wp-content\/uploads\/2020\/06\/arsiztrt-arsizntv-1024x521.png\" alt=\"\" class=\"wp-image-1251\" width=\"473\" height=\"240\" srcset=\"http:\/\/fenerbahceliyiz.biz\/wp\/wp-content\/uploads\/2020\/06\/arsiztrt-arsizntv-1024x521.png 1024w, http:\/\/fenerbahceliyiz.biz\/wp\/wp-content\/uploads\/2020\/06\/arsiztrt-arsizntv-300x153.png 300w, http:\/\/fenerbahceliyiz.biz\/wp\/wp-content\/uploads\/2020\/06\/arsiztrt-arsizntv-768x391.png 768w, http:\/\/fenerbahceliyiz.biz\/wp\/wp-content\/uploads\/2020\/06\/arsiztrt-arsizntv.png 1157w\" sizes=\"auto, (max-width: 473px) 100vw, 473px\" \/><figcaption>T\u0131rnak i\u00e7inde olunca ars\u0131zl\u0131k serbest.<\/figcaption><\/figure><\/div>\n\n\n\n<p>Sporda \u015fiddet ve d\u00fczensizli\u011fin \u00f6nlenmesine dair kanunun sadece Fenerbah\u00e7e&#8217;nin cezaland\u0131r\u0131lmas\u0131 s\u00f6z konusu oldu\u011funda g\u00fcndeme geldi\u011fi bir ortamday\u0131z. Yeni normalimiz bu. Hem sahada hem masaba\u015f\u0131nda Fenerbah\u00e7e aleyhine yo\u011fun mesai harcanan b\u00f6yle bir zamanda maalesef hem saha i\u00e7i hem de d\u0131\u015f\u0131ndaki tehditlere kar\u015f\u0131 uyan\u0131k olmak ve ona g\u00f6re m\u00fccadele etmek gerekiyor. Allah Fenerbah\u00e7elilere sab\u0131r versin. Fenerbah\u00e7e d\u00fc\u015fmanlar\u0131n\u0131 yenece\u011fiz, yenmeliyiz.<\/p>\n\n\n\n<div class=\"wp-block-image\"><figure class=\"aligncenter size-large is-resized\"><img loading=\"lazy\" decoding=\"async\" src=\"http:\/\/fenerbahceliyiz.biz\/wp\/wp-content\/uploads\/2020\/06\/yenecegiz.jpg\" alt=\"Fenerbah\u00e7e D\u00fc\u015fmanlar\u0131n\u0131 Yenecegiz!\" class=\"wp-image-1255\" width=\"500\" height=\"266\" srcset=\"http:\/\/fenerbahceliyiz.biz\/wp\/wp-content\/uploads\/2020\/06\/yenecegiz.jpg 526w, http:\/\/fenerbahceliyiz.biz\/wp\/wp-content\/uploads\/2020\/06\/yenecegiz-300x159.jpg 300w\" sizes=\"auto, (max-width: 500px) 100vw, 500px\" \/><figcaption>Fenerbah\u00e7e D\u00fc\u015fmanlar\u0131n\u0131 Yenecegiz!<\/figcaption><\/figure><\/div>\n","protected":false},"excerpt":{"rendered":"<p>Bundan 15 y\u0131l kadar \u00f6nce Fenerbah\u00e7emizin Hollandal\u0131 y\u0131ld\u0131z\u0131 Pierre van Hooijdonk &#8220;Quality Turkish Media&#8221; yani &#8220;Kaliteli T\u00fcrk Medyas\u0131&#8221; ifadesiyle T\u00fcrk bas\u0131n\u0131n\u0131n seviyesini ironik bir \u015fekilde belirtiyordu. Aradan ge\u00e7en s\u00fcrede T\u00fcrk bas\u0131n\u0131n\u0131n geli\u015fimi ve ula\u015ft\u0131\u011f\u0131&#46;&#46;&#46;<\/p>\n","protected":false},"author":2,"featured_media":1255,"comment_status":"open","ping_status":"open","sticky":false,"template":"","format":"standard","meta":{"ngg_post_thumbnail":0,"footnotes":""},"categories":[1],"tags":[173,170,169,165,167,172,168,171,166,164],"class_list":["post-1244","post","type-post","status-publish","format-standard","has-post-thumbnail","hentry","category-mac_yazisi","tag-anadolu-ajansi","tag-aspor","tag-atv","tag-fotomac","tag-ntv","tag-qtm","tag-trt","tag-trtspor","tag-turkuvaz-medya","tag-turk-basini"],"aioseo_notices":[],"_links":{"self":[{"href":"http:\/\/fenerbahceliyiz.biz\/index.php?rest_route=\/wp\/v2\/posts\/1244","targetHints":{"allow":["GET"]}}],"collection":[{"href":"http:\/\/fenerbahceliyiz.biz\/index.php?rest_route=\/wp\/v2\/posts"}],"about":[{"href":"http:\/\/fenerbahceliyiz.biz\/index.php?rest_route=\/wp\/v2\/types\/post"}],"author":[{"embeddable":true,"href":"http:\/\/fenerbahceliyiz.biz\/index.php?rest_route=\/wp\/v2\/users\/2"}],"replies":[{"embeddable":true,"href":"http:\/\/fenerbahceliyiz.biz\/index.php?rest_route=%2Fwp%2Fv2%2Fcomments&post=1244"}],"version-history":[{"count":7,"href":"http:\/\/fenerbahceliyiz.biz\/index.php?rest_route=\/wp\/v2\/posts\/1244\/revisions"}],"predecessor-version":[{"id":1258,"href":"http:\/\/fenerbahceliyiz.biz\/index.php?rest_route=\/wp\/v2\/posts\/1244\/revisions\/1258"}],"wp:featuredmedia":[{"embeddable":true,"href":"http:\/\/fenerbahceliyiz.biz\/index.php?rest_route=\/wp\/v2\/media\/1255"}],"wp:attachment":[{"href":"http:\/\/fenerbahceliyiz.biz\/index.php?rest_route=%2Fwp%2Fv2%2Fmedia&parent=1244"}],"wp:term":[{"taxonomy":"category","embeddable":true,"href":"http:\/\/fenerbahceliyiz.biz\/index.php?rest_route=%2Fwp%2Fv2%2Fcategories&post=1244"},{"taxonomy":"post_tag","embeddable":true,"href":"http:\/\/fenerbahceliyiz.biz\/index.php?rest_route=%2Fwp%2Fv2%2Ftags&post=1244"}],"curies":[{"name":"wp","href":"https:\/\/api.w.org\/{rel}","templated":true}]}}